{"id":243,"date":"2021-10-13T10:01:35","date_gmt":"2021-10-13T07:01:35","guid":{"rendered":"http:\/\/www.aresbilisim.net\/?p=243"},"modified":"2022-01-29T20:19:52","modified_gmt":"2022-01-29T17:19:52","slug":"web-yazilim","status":"publish","type":"post","link":"https:\/\/www.aresbilisim.net\/?p=243","title":{"rendered":"WEB YAZILIM"},"content":{"rendered":"\n<p>Responsive web tasar\u0131m; bilgisayar, tablet ve mobil cihazlara g\u00f6re ekran \u00e7\u00f6z\u00fcn\u00fcrl\u00fcklerine duyarl\u0131 olan, kullan\u0131c\u0131ya cihaz ve \u00e7\u00f6z\u00fcn\u00fcrl\u00fck ba\u011f\u0131ms\u0131z olarak her alanda rahat bir gezinme sa\u011flayan web tasar\u0131m arac\u0131d\u0131r. Son d\u00f6nemlerde ve g\u00fcn\u00fcm\u00fczde mobil ve tablet cihazlar\u0131n etkin kullan\u0131m\u0131yla birlikte responsive web tasar\u0131ma olan gereklilik de artmaktad\u0131r.<\/p>\n\n\n\n<p>Firmam\u0131z, web sitesi tasar\u0131m\u0131 yapmadan \u00f6nce m\u00fc\u015fterilerini dinleyen ve t\u00fcm isteklerine cevap verebilecek web sitesi tasar\u0131mlar\u0131n\u0131 olu\u015fturabilmek i\u00e7in gereken yetenek ve tecr\u00fcbeye sahip personel istihdam etmektedir. \u00d6zellikle web sitesi tasar\u0131m\u0131 konusunda deneyimli grafikerlerimiz taraf\u0131ndan sizin onay\u0131n\u0131z al\u0131n\u0131ncaya dek web sitesi tasar\u0131m ve web sitesi yaz\u0131l\u0131m \u00e7al\u0131\u015fmalar\u0131m\u0131z s\u00fcrd\u00fcr\u00fclmekte ve b\u00f6ylelikle sizin isteklerinizi tam olarak kar\u015f\u0131layan web siteniz olu\u015fturulmaktad\u0131r<\/p>\n\n\n\n<div class=\"wp-block-safirtema-bgtext descriptionbox desk\"><div class=\"inner\"><div class=\"icon safiricon\"><svg class=\"safiricon-takim3\"><use href=\"#safiricon-takim3\"><\/use><\/svg><\/div><div class=\"header\">Stet clita kasd gubergren, no sea takimata<\/div><div class=\"content\">Duo dolores et ea rebum. Stet clita kasd gubergren, no sea takimata sanctus est Lorem ipsum dolor sit amet. Eirmod tempor invidunt ut labore et dolore magna aliquyam erat.<\/div><\/div><\/div>\n","protected":false},"excerpt":{"rendered":"<p>Responsive web tasar\u0131m; bilgisayar, tablet ve mobil cihazlara g\u00f6re ekran \u00e7\u00f6z\u00fcn\u00fcrl\u00fcklerine duyarl\u0131 olan, kullan\u0131c\u0131ya cihaz ve \u00e7\u00f6z\u00fcn\u00fcrl\u00fck ba\u011f\u0131ms\u0131z olarak her alanda rahat bir gezinme sa\u011flayan web tasar\u0131m arac\u0131d\u0131r. Son d\u00f6nemlerde ve g\u00fcn\u00fcm\u00fczde mobil ve tablet cihazlar\u0131n etkin kullan\u0131m\u0131yla birlikte responsive web tasar\u0131ma olan gereklilik de artmaktad\u0131r. Firmam\u0131z, web sitesi tasar\u0131m\u0131 yapmadan \u00f6nce m\u00fc\u015fterilerini dinleyen ve [&hellip;]<\/p>\n","protected":false},"author":1,"featured_media":219,"comment_status":"open","ping_status":"open","sticky":false,"template":"","format":"standard","meta":[],"categories":[4],"tags":[12,13,17],"_links":{"self":[{"href":"https:\/\/www.aresbilisim.net\/index.php?rest_route=\/wp\/v2\/posts\/243"}],"collection":[{"href":"https:\/\/www.aresbilisim.net\/index.php?rest_route=\/wp\/v2\/posts"}],"about":[{"href":"https:\/\/www.aresbilisim.net\/index.php?rest_route=\/wp\/v2\/types\/post"}],"author":[{"embeddable":true,"href":"https:\/\/www.aresbilisim.net\/index.php?rest_route=\/wp\/v2\/users\/1"}],"replies":[{"embeddable":true,"href":"https:\/\/www.aresbilisim.net\/index.php?rest_route=%2Fwp%2Fv2%2Fcomments&post=243"}],"version-history":[{"count":3,"href":"https:\/\/www.aresbilisim.net\/index.php?rest_route=\/wp\/v2\/posts\/243\/revisions"}],"predecessor-version":[{"id":344,"href":"https:\/\/www.aresbilisim.net\/index.php?rest_route=\/wp\/v2\/posts\/243\/revisions\/344"}],"wp:featuredmedia":[{"embeddable":true,"href":"https:\/\/www.aresbilisim.net\/index.php?rest_route=\/wp\/v2\/media\/219"}],"wp:attachment":[{"href":"https:\/\/www.aresbilisim.net\/index.php?rest_route=%2Fwp%2Fv2%2Fmedia&parent=243"}],"wp:term":[{"taxonomy":"category","embeddable":true,"href":"https:\/\/www.aresbilisim.net\/index.php?rest_route=%2Fwp%2Fv2%2Fcategories&post=243"},{"taxonomy":"post_tag","embeddable":true,"href":"https:\/\/www.aresbilisim.net\/index.php?rest_route=%2Fwp%2Fv2%2Ftags&post=243"}],"curies":[{"name":"wp","href":"https:\/\/api.w.org\/{rel}","templated":true}]}}